{"id":652,"date":"2023-09-15T10:40:23","date_gmt":"2023-09-15T10:40:23","guid":{"rendered":"http:\/\/bogensport-eitorf.de\/?p=652"},"modified":"2023-09-15T10:40:23","modified_gmt":"2023-09-15T10:40:23","slug":"start-der-wintersaison","status":"publish","type":"post","link":"http:\/\/bogensport-eitorf.de\/?p=652","title":{"rendered":"Start der Wintersaison"},"content":{"rendered":"<p>Die Au\u00dfensaison 2023 n\u00e4hert sich ihrem Ende.<\/p>\n<p>Wie jedes Jahr m\u00f6chten wir sie am 03.10.2023 (Dienstag, Feiertag) mit einem 3d-Turnier abschlie\u00dfen.<br \/>\nWir treffen uns um 14:00 Uhr in unserem Waldgel\u00e4nde Bitze und starten mit dem 3d-Tunier.<br \/>\nEine Anmeldung ist nicht zwingend notwendig, hilft uns allerdings.<\/p>\n<p>&nbsp;<\/p>\n<p>P\u00fcnktlich zum 08. Oktober startet unsere <strong>Hallensaison<\/strong>.<\/p>\n<p>Die Hallensituation hat sich leider nicht verbessertt, die Dreifachhalle kann aufgrund einer Brandstiftung bis auf weiteres nicht genutzt werden, die Halle Irlenborn ist noch mit Fl\u00fcchtlingen belegt.<\/p>\n<p>Daher mussten wir tempor\u00e4r unseren Mittwochstermin an die DJK abgeben, die von dem Ausfall Irlenborn stark betroffen ist. Sobald die DJK wieder in Irlenborn trainieren kann, werden wir den Mittwoch zur\u00fcckbekommen.<\/p>\n<p>Wir haben wieder den fr\u00fchen Nachmittag montags bekommen k\u00f6nnen, hier k\u00f6nnen wir ab 16:00 Uhr in die Halle.<\/p>\n<p>Bis auf Weiters sind unsere \u201eregul\u00e4ren\u201c Trainingszeiten:<\/p>\n<ul>\n<li>Sonntags ab 15:30 Uhr Training f\u00fcr Alle (auch Kinder und Jugend)<\/li>\n<li>Montags von 16:00 bis 18:00 Uhr Kinder- und Jugendtraining, sowie f\u00fcr alle die Zeit haben (wir brauchen mindestens zwei Erwachsene um das Netz spannen zu k\u00f6nnen<\/li>\n<li>Mittwochs von 17:30 bis 19:00 Uhr Training f\u00fcr Alle \u2013 entf\u00e4llt vorerst<\/li>\n<\/ul>\n<p>Eventuell m\u00fcssen wir an einigen Sonntag das Training wegen Wettkampfspielen verschieben. Bisher sind uns keine Termine bekannt. Falls es zu einer Verschiebung kommt, werden wir Euch informieren.<\/p>\n","protected":false},"excerpt":{"rendered":"<p>Die Au\u00dfensaison 2023 n\u00e4hert sich ihrem Ende. Wie jedes Jahr m\u00f6chten wir sie am 03.10.2023 (Dienstag, Feiertag) mit einem 3d-Turnier abschlie\u00dfen. Wir treffen uns um 14:00 Uhr in unserem Waldgel\u00e4nde Bitze und starten mit dem 3d-Tunier. Eine Anmeldung ist nicht zwingend notwendig, hilft uns allerdings. &nbsp; P\u00fcnktlich zum 08. Oktober startet unsere Hallensaison. Die Hallensituation [&hellip;]<\/p>\n","protected":false},"author":3,"featured_media":0,"comment_status":"closed","ping_status":"closed","sticky":false,"template":"","format":"standard","meta":{"footnotes":""},"categories":[1],"tags":[],"class_list":["post-652","post","type-post","status-publish","format-standard","hentry","category-uncategorized"],"_links":{"self":[{"href":"http:\/\/bogensport-eitorf.de\/index.php?rest_route=\/wp\/v2\/posts\/652","targetHints":{"allow":["GET"]}}],"collection":[{"href":"http:\/\/bogensport-eitorf.de\/index.php?rest_route=\/wp\/v2\/posts"}],"about":[{"href":"http:\/\/bogensport-eitorf.de\/index.php?rest_route=\/wp\/v2\/types\/post"}],"author":[{"embeddable":true,"href":"http:\/\/bogensport-eitorf.de\/index.php?rest_route=\/wp\/v2\/users\/3"}],"replies":[{"embeddable":true,"href":"http:\/\/bogensport-eitorf.de\/index.php?rest_route=%2Fwp%2Fv2%2Fcomments&post=652"}],"version-history":[{"count":1,"href":"http:\/\/bogensport-eitorf.de\/index.php?rest_route=\/wp\/v2\/posts\/652\/revisions"}],"predecessor-version":[{"id":653,"href":"http:\/\/bogensport-eitorf.de\/index.php?rest_route=\/wp\/v2\/posts\/652\/revisions\/653"}],"wp:attachment":[{"href":"http:\/\/bogensport-eitorf.de\/index.php?rest_route=%2Fwp%2Fv2%2Fmedia&parent=652"}],"wp:term":[{"taxonomy":"category","embeddable":true,"href":"http:\/\/bogensport-eitorf.de\/index.php?rest_route=%2Fwp%2Fv2%2Fcategories&post=652"},{"taxonomy":"post_tag","embeddable":true,"href":"http:\/\/bogensport-eitorf.de\/index.php?rest_route=%2Fwp%2Fv2%2Ftags&post=652"}],"curies":[{"name":"wp","href":"https:\/\/api.w.org\/{rel}","templated":true}]}}